{"id":960,"date":"2020-04-22T14:59:46","date_gmt":"2020-04-22T14:59:46","guid":{"rendered":"https:\/\/blog.meusebach.de\/?p=960"},"modified":"2020-04-22T15:01:08","modified_gmt":"2020-04-22T15:01:08","slug":"bald-in-der-mdr-mediathek","status":"publish","type":"post","link":"https:\/\/ts.meusebach.de\/?p=960","title":{"rendered":"Bald in der MDR-Mediathek: Das Virus im Tal der Spatzenj\u00e4ger"},"content":{"rendered":"<p><span class=\"b\">Kinderabenteuer, Zirkusgeschichten und Alltagsmomente aus dem &#8222;Dorf der Spatzenj\u00e4ger&#8220;: \u00dcber 300 Filmideen wurden nach dem Aufruf zu &#8222;Corona Creative&#8220; beim MDR eingereicht. Jetzt hat der Sender zwanzig Beitr\u00e4ge ausgew\u00e4hlt, die im Rahmen eines digitalen Filmfestivals vom 24. April bis 1. Mai auf mdrkultur.de und im TV zu sehen sein werden. Am 24. April, 23.50 Uhr, zeigt das MDR-Fernsehen die ersten sechs Beitr\u00e4ge. Mit der Initiative unterst\u00fctzt der MDR die Filmschaffenden der Region mit einem Sonderetat und bietet ihnen in diesen schwierigen Zeiten eine B\u00fchne. <a href=\"https:\/\/www.presseportal.de\/pm\/7880\/4577630\">Mehr dazu hier!<\/a><br \/>\n<\/span><\/p>\n<figure id=\"attachment_961\" aria-describedby=\"caption-attachment-961\" style=\"width: 406px\" class=\"wp-caption alignnone\"><img loading=\"lazy\" decoding=\"async\" class=\" wp-image-961\" src=\"https:\/\/ts.meusebach.de\/wp-content\/uploads\/2020\/04\/2_Der-Virus-im-Tal-der-Spatzenj\u00e4ger_\u00a9MDR_Yvonne-Andr\u00e4-300x169.jpg\" alt=\"\" width=\"406\" height=\"229\" srcset=\"https:\/\/ts.meusebach.de\/wp-content\/uploads\/2020\/04\/2_Der-Virus-im-Tal-der-Spatzenj\u00e4ger_\u00a9MDR_Yvonne-Andr\u00e4-300x169.jpg 300w, https:\/\/ts.meusebach.de\/wp-content\/uploads\/2020\/04\/2_Der-Virus-im-Tal-der-Spatzenj\u00e4ger_\u00a9MDR_Yvonne-Andr\u00e4-1024x576.jpg 1024w, https:\/\/ts.meusebach.de\/wp-content\/uploads\/2020\/04\/2_Der-Virus-im-Tal-der-Spatzenj\u00e4ger_\u00a9MDR_Yvonne-Andr\u00e4-768x432.jpg 768w, https:\/\/ts.meusebach.de\/wp-content\/uploads\/2020\/04\/2_Der-Virus-im-Tal-der-Spatzenj\u00e4ger_\u00a9MDR_Yvonne-Andr\u00e4-1536x864.jpg 1536w, https:\/\/ts.meusebach.de\/wp-content\/uploads\/2020\/04\/2_Der-Virus-im-Tal-der-Spatzenj\u00e4ger_\u00a9MDR_Yvonne-Andr\u00e4-2048x1152.jpg 2048w\" sizes=\"auto, (max-width: 406px) 100vw, 406px\" \/><figcaption id=\"caption-attachment-961\" class=\"wp-caption-text\">Quelle:&#8220;obs\/MDR Mitteldeutscher Rundfunk\/MDR\/Yvonne Andr\u00e4&#8220;<\/figcaption><\/figure>\n<p>&nbsp;<\/p>\n<p>&nbsp;<\/p>\n","protected":false},"excerpt":{"rendered":"<p>Kinderabenteuer, Zirkusgeschichten und Alltagsmomente aus dem &#8222;Dorf der Spatzenj\u00e4ger&#8220;: \u00dcber 300 Filmideen wurden nach dem Aufruf zu &#8222;Corona Creative&#8220; beim MDR eingereicht. Jetzt hat der<\/p>\n","protected":false},"author":1,"featured_media":961,"comment_status":"closed","ping_status":"closed","sticky":false,"template":"","format":"standard","meta":{"spay_email":"","footnotes":""},"categories":[1],"tags":[],"class_list":["post-960","post","type-post","status-publish","format-standard","has-post-thumbnail","hentry","category-uncategorized"],"jetpack_featured_media_url":"https:\/\/ts.meusebach.de\/wp-content\/uploads\/2020\/04\/2_Der-Virus-im-Tal-der-Spatzenj\u00e4ger_\u00a9MDR_Yvonne-Andr\u00e4.jpg","_links":{"self":[{"href":"https:\/\/ts.meusebach.de\/index.php?rest_route=\/wp\/v2\/posts\/960","targetHints":{"allow":["GET"]}}],"collection":[{"href":"https:\/\/ts.meusebach.de\/index.php?rest_route=\/wp\/v2\/posts"}],"about":[{"href":"https:\/\/ts.meusebach.de\/index.php?rest_route=\/wp\/v2\/types\/post"}],"author":[{"embeddable":true,"href":"https:\/\/ts.meusebach.de\/index.php?rest_route=\/wp\/v2\/users\/1"}],"replies":[{"embeddable":true,"href":"https:\/\/ts.meusebach.de\/index.php?rest_route=%2Fwp%2Fv2%2Fcomments&post=960"}],"version-history":[{"count":2,"href":"https:\/\/ts.meusebach.de\/index.php?rest_route=\/wp\/v2\/posts\/960\/revisions"}],"predecessor-version":[{"id":963,"href":"https:\/\/ts.meusebach.de\/index.php?rest_route=\/wp\/v2\/posts\/960\/revisions\/963"}],"wp:featuredmedia":[{"embeddable":true,"href":"https:\/\/ts.meusebach.de\/index.php?rest_route=\/wp\/v2\/media\/961"}],"wp:attachment":[{"href":"https:\/\/ts.meusebach.de\/index.php?rest_route=%2Fwp%2Fv2%2Fmedia&parent=960"}],"wp:term":[{"taxonomy":"category","embeddable":true,"href":"https:\/\/ts.meusebach.de\/index.php?rest_route=%2Fwp%2Fv2%2Fcategories&post=960"},{"taxonomy":"post_tag","embeddable":true,"href":"https:\/\/ts.meusebach.de\/index.php?rest_route=%2Fwp%2Fv2%2Ftags&post=960"}],"curies":[{"name":"wp","href":"https:\/\/api.w.org\/{rel}","templated":true}]}}