{"id":843,"date":"2020-03-07T09:21:58","date_gmt":"2020-03-07T09:21:58","guid":{"rendered":"https:\/\/blog.meusebach.de\/?p=843"},"modified":"2024-03-27T07:20:17","modified_gmt":"2024-03-27T07:20:17","slug":"das-war-der-45-meusebacher-fasching","status":"publish","type":"post","link":"https:\/\/ts.meusebach.de\/?p=843","title":{"rendered":"Das war der 45. Meusebacher Fasching"},"content":{"rendered":"<p>Nach zwei wundersch\u00f6nen Veranstaltungen und einem tollen Kinderfasching m\u00f6chte sich die Meusebacher faschingsgesellschaft recht herzlich bei allen G\u00e4sten, Sponsoren, befreundeten Faschingsvereinen und den Meusebacher Aktiven f\u00fcr ihren Einsatz bedanken!<br \/>\nEs war eine tolle n\u00e4rrische Zeit!<br \/>\nEine Fotogalerie vom 22.2.2020 finden Sie <a href=\"https:\/\/www.otz.de\/regionen\/eisenberg\/das-war-der-45-meusebacher-fasching-id228525639.html\"> hier!<\/a><\/p>\n","protected":false},"excerpt":{"rendered":"<p>Nach zwei wundersch\u00f6nen Veranstaltungen und einem tollen Kinderfasching m\u00f6chte sich die Meusebacher faschingsgesellschaft recht herzlich bei allen G\u00e4sten, Sponsoren, befreundeten Faschingsvereinen und den Meusebacher Aktiven<\/p>\n","protected":false},"author":1,"featured_media":840,"comment_status":"closed","ping_status":"closed","sticky":false,"template":"","format":"standard","meta":{"spay_email":"","footnotes":""},"categories":[8],"tags":[10],"class_list":["post-843","post","type-post","status-publish","format-standard","has-post-thumbnail","hentry","category-fasching","tag-fasching"],"jetpack_featured_media_url":"https:\/\/ts.meusebach.de\/wp-content\/uploads\/2020\/01\/Orden-2020.jpg","_links":{"self":[{"href":"https:\/\/ts.meusebach.de\/index.php?rest_route=\/wp\/v2\/posts\/843","targetHints":{"allow":["GET"]}}],"collection":[{"href":"https:\/\/ts.meusebach.de\/index.php?rest_route=\/wp\/v2\/posts"}],"about":[{"href":"https:\/\/ts.meusebach.de\/index.php?rest_route=\/wp\/v2\/types\/post"}],"author":[{"embeddable":true,"href":"https:\/\/ts.meusebach.de\/index.php?rest_route=\/wp\/v2\/users\/1"}],"replies":[{"embeddable":true,"href":"https:\/\/ts.meusebach.de\/index.php?rest_route=%2Fwp%2Fv2%2Fcomments&post=843"}],"version-history":[{"count":3,"href":"https:\/\/ts.meusebach.de\/index.php?rest_route=\/wp\/v2\/posts\/843\/revisions"}],"predecessor-version":[{"id":1523,"href":"https:\/\/ts.meusebach.de\/index.php?rest_route=\/wp\/v2\/posts\/843\/revisions\/1523"}],"wp:featuredmedia":[{"embeddable":true,"href":"https:\/\/ts.meusebach.de\/index.php?rest_route=\/wp\/v2\/media\/840"}],"wp:attachment":[{"href":"https:\/\/ts.meusebach.de\/index.php?rest_route=%2Fwp%2Fv2%2Fmedia&parent=843"}],"wp:term":[{"taxonomy":"category","embeddable":true,"href":"https:\/\/ts.meusebach.de\/index.php?rest_route=%2Fwp%2Fv2%2Fcategories&post=843"},{"taxonomy":"post_tag","embeddable":true,"href":"https:\/\/ts.meusebach.de\/index.php?rest_route=%2Fwp%2Fv2%2Ftags&post=843"}],"curies":[{"name":"wp","href":"https:\/\/api.w.org\/{rel}","templated":true}]}}