{"id":75,"date":"2016-12-22T18:54:41","date_gmt":"2016-12-22T18:54:41","guid":{"rendered":"http:\/\/ts.meusebach.de\/?p=75"},"modified":"2016-12-23T12:34:19","modified_gmt":"2016-12-23T12:34:19","slug":"meusebacher-spatzenjaeger","status":"publish","type":"post","link":"https:\/\/ts.meusebach.de\/?p=75","title":{"rendered":"Meusebacher Spatzenj\u00e4ger"},"content":{"rendered":"<p><b>Seit ich denken kann, werde ich, sobald bekannt wird, dass ich aus Meusebach bin, die gleiche Frage gestellt: Stimmt es denn, dass es in Meusebach keine Spatzen gibt?<\/b><\/p>\n<p>Neben mir k\u00f6nnen sich viele daran erinnern, dass es bis in die 1980er Jahre Spatzen gab, w\u00e4hrend sie dann verschwunden schienen. Im Jahre 2000 erschienen sie allerdings wieder auf der Bildfl\u00e4che und sind, nicht zuletzt dank der Hilfe der Tissaer Freunde zu <a href=\"http:\/\/meusebach.de\/jalben\/Silvester2005\/album\/index.html\">Silvester 2005<\/a>, wieder im Dorf pr\u00e4sent. Die G\u00e4ste aus Tissa lie\u00dfen n\u00e4mlich 8 lebende Spatzen im Saal los!<\/p>\n<p>Um jedoch den allen bekannten \u201cStatus\u201d des \u201cDorfes ohne Spatzen\u201d nicht zu verlieren, wird dies von uns nat\u00fcrlich energisch geleugnet. Und um dies zu best\u00e4tigen haben wir unsere Spatzenj\u00e4gerhalle gebaut!<\/p>\n<p>Da es der Sage<a href=\"http:\/\/www.meusebach.de\/html\/sperlingsbann.html\"> \u201cDer Sperlingsbann zu Meusebach\u201d<\/a> nach in unserem Waldd\u00f6rfchen keine Spatzen mehr gibt, werden wir oft nach dem Grund gefragt. Als scherzhafte Antwort geben wir dann meist zu bedenken, wie gut so ein Spatz schmeckt, wenn man ihn mit 1kg Gehaktem f\u00fcllt! Noch mal f\u00fcr alle Tiersch\u00fctzer ES IST EIN SCHERZ!!!!!<\/p>\n<p>Auf jeden Fall kam uns dann die Idee mit den \u201cSpatzenj\u00e4gern\u201d als \u201cMarkenzeichen\u201d, da in unserer Gegend das Dorf Meusebach als \u201cDorf ohne Spatzen\u201d sehr bekannt ist und wir nun bei Besuchen in den Nachbargemeinden unseren Spitznamen weghaben. Au\u00dfer dem gibt es da noch unser Schild, das zu besonderen Anl\u00e4ssen und Umz\u00fcgen von uns mitgenommen wird.<\/p>\n","protected":false},"excerpt":{"rendered":"<p>Seit ich denken kann, werde ich, sobald bekannt wird, dass ich aus Meusebach bin, die gleiche Frage gestellt: Stimmt es denn, dass es in Meusebach<\/p>\n","protected":false},"author":1,"featured_media":115,"comment_status":"closed","ping_status":"closed","sticky":false,"template":"","format":"standard","meta":{"spay_email":"","footnotes":""},"categories":[3],"tags":[4],"class_list":["post-75","post","type-post","status-publish","format-standard","has-post-thumbnail","hentry","category-spatzenjaeger","tag-spatzenjaeger"],"jetpack_featured_media_url":"https:\/\/ts.meusebach.de\/wp-content\/uploads\/2016\/12\/Spatz-mit-Kappe-MFG-1-e1482496391733.jpg","_links":{"self":[{"href":"https:\/\/ts.meusebach.de\/index.php?rest_route=\/wp\/v2\/posts\/75","targetHints":{"allow":["GET"]}}],"collection":[{"href":"https:\/\/ts.meusebach.de\/index.php?rest_route=\/wp\/v2\/posts"}],"about":[{"href":"https:\/\/ts.meusebach.de\/index.php?rest_route=\/wp\/v2\/types\/post"}],"author":[{"embeddable":true,"href":"https:\/\/ts.meusebach.de\/index.php?rest_route=\/wp\/v2\/users\/1"}],"replies":[{"embeddable":true,"href":"https:\/\/ts.meusebach.de\/index.php?rest_route=%2Fwp%2Fv2%2Fcomments&post=75"}],"version-history":[{"count":11,"href":"https:\/\/ts.meusebach.de\/index.php?rest_route=\/wp\/v2\/posts\/75\/revisions"}],"predecessor-version":[{"id":116,"href":"https:\/\/ts.meusebach.de\/index.php?rest_route=\/wp\/v2\/posts\/75\/revisions\/116"}],"wp:featuredmedia":[{"embeddable":true,"href":"https:\/\/ts.meusebach.de\/index.php?rest_route=\/wp\/v2\/media\/115"}],"wp:attachment":[{"href":"https:\/\/ts.meusebach.de\/index.php?rest_route=%2Fwp%2Fv2%2Fmedia&parent=75"}],"wp:term":[{"taxonomy":"category","embeddable":true,"href":"https:\/\/ts.meusebach.de\/index.php?rest_route=%2Fwp%2Fv2%2Fcategories&post=75"},{"taxonomy":"post_tag","embeddable":true,"href":"https:\/\/ts.meusebach.de\/index.php?rest_route=%2Fwp%2Fv2%2Ftags&post=75"}],"curies":[{"name":"wp","href":"https:\/\/api.w.org\/{rel}","templated":true}]}}