{"id":609,"date":"2019-01-05T18:47:51","date_gmt":"2019-01-05T18:47:51","guid":{"rendered":"http:\/\/ts.meusebach.de\/?p=609"},"modified":"2019-01-06T18:54:21","modified_gmt":"2019-01-06T18:54:21","slug":"faschingstermine-2019","status":"publish","type":"post","link":"https:\/\/ts.meusebach.de\/?p=609","title":{"rendered":"Faschingstermine 2019"},"content":{"rendered":"<p>Liebe Faschingsfans!<br \/>\nDie Meusebacher Faschingstermine sind unter <a href=\"http:\/\/ts.meusebach.de\/?page_id=263\">Termine 2019<\/a> ver\u00f6ffentlicht:<\/p>\n<p><span style=\"color: #003366;\"><em><strong>Samstag, 2. M\u00e4rz und 9. M\u00e4rz 2019, <\/strong><\/em><\/span><br \/>\n<span style=\"color: #003366;\"><em><strong>Sonntag 3. M\u00e4rz 2019 Kinderfasching<\/strong><\/em><\/span><\/p>\n<p>Wir freuen uns auf eine tolle Saison!<br \/>\nBis dahin!<br \/>\nKartenvorbestellungen bei Volker Putze: 036428 62911<\/p>\n","protected":false},"excerpt":{"rendered":"<p>Liebe Faschingsfans! Die Meusebacher Faschingstermine sind unter Termine 2019 ver\u00f6ffentlicht: Samstag, 2. M\u00e4rz und 9. M\u00e4rz 2019, Sonntag 3. M\u00e4rz 2019 Kinderfasching Wir freuen uns<\/p>\n","protected":false},"author":1,"featured_media":592,"comment_status":"open","ping_status":"open","sticky":false,"template":"","format":"standard","meta":{"spay_email":"","footnotes":""},"categories":[8],"tags":[],"class_list":["post-609","post","type-post","status-publish","format-standard","has-post-thumbnail","hentry","category-fasching"],"jetpack_featured_media_url":"https:\/\/ts.meusebach.de\/wp-content\/uploads\/2018\/12\/Spatz-mit-Kappe2.jpg","_links":{"self":[{"href":"https:\/\/ts.meusebach.de\/index.php?rest_route=\/wp\/v2\/posts\/609","targetHints":{"allow":["GET"]}}],"collection":[{"href":"https:\/\/ts.meusebach.de\/index.php?rest_route=\/wp\/v2\/posts"}],"about":[{"href":"https:\/\/ts.meusebach.de\/index.php?rest_route=\/wp\/v2\/types\/post"}],"author":[{"embeddable":true,"href":"https:\/\/ts.meusebach.de\/index.php?rest_route=\/wp\/v2\/users\/1"}],"replies":[{"embeddable":true,"href":"https:\/\/ts.meusebach.de\/index.php?rest_route=%2Fwp%2Fv2%2Fcomments&post=609"}],"version-history":[{"count":2,"href":"https:\/\/ts.meusebach.de\/index.php?rest_route=\/wp\/v2\/posts\/609\/revisions"}],"predecessor-version":[{"id":611,"href":"https:\/\/ts.meusebach.de\/index.php?rest_route=\/wp\/v2\/posts\/609\/revisions\/611"}],"wp:featuredmedia":[{"embeddable":true,"href":"https:\/\/ts.meusebach.de\/index.php?rest_route=\/wp\/v2\/media\/592"}],"wp:attachment":[{"href":"https:\/\/ts.meusebach.de\/index.php?rest_route=%2Fwp%2Fv2%2Fmedia&parent=609"}],"wp:term":[{"taxonomy":"category","embeddable":true,"href":"https:\/\/ts.meusebach.de\/index.php?rest_route=%2Fwp%2Fv2%2Fcategories&post=609"},{"taxonomy":"post_tag","embeddable":true,"href":"https:\/\/ts.meusebach.de\/index.php?rest_route=%2Fwp%2Fv2%2Ftags&post=609"}],"curies":[{"name":"wp","href":"https:\/\/api.w.org\/{rel}","templated":true}]}}