{"id":321,"date":"2018-02-15T09:14:24","date_gmt":"2018-02-15T09:14:24","guid":{"rendered":"http:\/\/ts.meusebach.de\/?p=321"},"modified":"2018-02-25T09:20:33","modified_gmt":"2018-02-25T09:20:33","slug":"kinderfasching-2018","status":"publish","type":"post","link":"https:\/\/ts.meusebach.de\/?p=321","title":{"rendered":"Kinderfasching 2018"},"content":{"rendered":"<p>Auch in diesem Jahr feierte unsere kleine Faschingsgesellschaft einen Kinderfasching.<br \/>\nEigens daf\u00fcr hatten zwei Meusebacher Tanzgruppen eigene Tanzbeitr\u00e4ge einstudiert.<br \/>\nUnd f\u00fcr Spa\u00df und Spiel war auch gesorgt!<br \/>\n<a href=\"https:\/\/www.meinanzeiger.de\/hermsdorf\/c-kultur\/wieder-viel-trubel-zum-4-kinderfasching-in-der-meusebacher-spatzenjaegerhalle_a75553\">Mehr Fotos finden Sie hier!<\/a><br \/>\n<img loading=\"lazy\" decoding=\"async\" class=\"alignnone size-medium wp-image-322\" src=\"http:\/\/ts.meusebach.de\/wp-content\/uploads\/2018\/02\/Kinderfasching_2018_7-300x218.jpg\" alt=\"\" width=\"300\" height=\"218\" srcset=\"https:\/\/ts.meusebach.de\/wp-content\/uploads\/2018\/02\/Kinderfasching_2018_7-300x218.jpg 300w, https:\/\/ts.meusebach.de\/wp-content\/uploads\/2018\/02\/Kinderfasching_2018_7-768x559.jpg 768w, https:\/\/ts.meusebach.de\/wp-content\/uploads\/2018\/02\/Kinderfasching_2018_7.jpg 800w\" sizes=\"auto, (max-width: 300px) 100vw, 300px\" \/><\/p>\n","protected":false},"excerpt":{"rendered":"<p>Auch in diesem Jahr feierte unsere kleine Faschingsgesellschaft einen Kinderfasching. Eigens daf\u00fcr hatten zwei Meusebacher Tanzgruppen eigene Tanzbeitr\u00e4ge einstudiert. Und f\u00fcr Spa\u00df und Spiel war<\/p>\n","protected":false},"author":1,"featured_media":323,"comment_status":"open","ping_status":"open","sticky":false,"template":"","format":"standard","meta":{"spay_email":"","footnotes":""},"categories":[8],"tags":[11],"class_list":["post-321","post","type-post","status-publish","format-standard","has-post-thumbnail","hentry","category-fasching","tag-kinderfasching"],"jetpack_featured_media_url":"https:\/\/ts.meusebach.de\/wp-content\/uploads\/2018\/02\/Kinderfasching_2018_1.jpg","_links":{"self":[{"href":"https:\/\/ts.meusebach.de\/index.php?rest_route=\/wp\/v2\/posts\/321","targetHints":{"allow":["GET"]}}],"collection":[{"href":"https:\/\/ts.meusebach.de\/index.php?rest_route=\/wp\/v2\/posts"}],"about":[{"href":"https:\/\/ts.meusebach.de\/index.php?rest_route=\/wp\/v2\/types\/post"}],"author":[{"embeddable":true,"href":"https:\/\/ts.meusebach.de\/index.php?rest_route=\/wp\/v2\/users\/1"}],"replies":[{"embeddable":true,"href":"https:\/\/ts.meusebach.de\/index.php?rest_route=%2Fwp%2Fv2%2Fcomments&post=321"}],"version-history":[{"count":2,"href":"https:\/\/ts.meusebach.de\/index.php?rest_route=\/wp\/v2\/posts\/321\/revisions"}],"predecessor-version":[{"id":325,"href":"https:\/\/ts.meusebach.de\/index.php?rest_route=\/wp\/v2\/posts\/321\/revisions\/325"}],"wp:featuredmedia":[{"embeddable":true,"href":"https:\/\/ts.meusebach.de\/index.php?rest_route=\/wp\/v2\/media\/323"}],"wp:attachment":[{"href":"https:\/\/ts.meusebach.de\/index.php?rest_route=%2Fwp%2Fv2%2Fmedia&parent=321"}],"wp:term":[{"taxonomy":"category","embeddable":true,"href":"https:\/\/ts.meusebach.de\/index.php?rest_route=%2Fwp%2Fv2%2Fcategories&post=321"},{"taxonomy":"post_tag","embeddable":true,"href":"https:\/\/ts.meusebach.de\/index.php?rest_route=%2Fwp%2Fv2%2Ftags&post=321"}],"curies":[{"name":"wp","href":"https:\/\/api.w.org\/{rel}","templated":true}]}}