{"id":312,"date":"2018-02-21T18:14:28","date_gmt":"2018-02-21T18:14:28","guid":{"rendered":"http:\/\/ts.meusebach.de\/?p=312"},"modified":"2018-02-25T09:13:00","modified_gmt":"2018-02-25T09:13:00","slug":"das-war-unser-fasching-2018","status":"publish","type":"post","link":"https:\/\/ts.meusebach.de\/?p=312","title":{"rendered":"Das war unser Fasching 2018"},"content":{"rendered":"<h3><span style=\"color: #ff00ff;\"><strong>Unter dem Motto<br \/>\n<\/strong><strong>&#8222;Faschingsspa\u00df f\u00fcr Jedermann auf der Meusebacher Reeperbahn&#8220;<br \/>\nfeierten wir 2 tolle Abendveranstaltungen. Wir sagen all unseren G\u00e4sten, Aktiven, Tanzgruppen, Mitwirkenden und ganz besonders unseren Sponsoren <span style=\"color: #ff0000;\">DANKE!<\/span><\/strong><\/span><\/h3>\n<h3><span style=\"color: #ff00ff;\"><strong><img loading=\"lazy\" decoding=\"async\" class=\"alignnone size-medium wp-image-319\" src=\"http:\/\/ts.meusebach.de\/wp-content\/uploads\/2018\/02\/Fasching_2018_1-300x225.jpg\" alt=\"\" width=\"300\" height=\"225\" srcset=\"https:\/\/ts.meusebach.de\/wp-content\/uploads\/2018\/02\/Fasching_2018_1-300x225.jpg 300w, https:\/\/ts.meusebach.de\/wp-content\/uploads\/2018\/02\/Fasching_2018_1-768x576.jpg 768w, https:\/\/ts.meusebach.de\/wp-content\/uploads\/2018\/02\/Fasching_2018_1-100x75.jpg 100w, https:\/\/ts.meusebach.de\/wp-content\/uploads\/2018\/02\/Fasching_2018_1.jpg 800w\" sizes=\"auto, (max-width: 300px) 100vw, 300px\" \/><\/strong><\/span><\/h3>\n<p><strong><a href=\"https:\/\/www.meinanzeiger.de\/hermsdorf\/c-kultur\/die-erste-faschingsveranstaltung-der-43meusebacher-faschingssaison-bot-faschingsspass-pur_a75632\">Fotos vom 10. Februar 2018<\/a><\/strong><br \/>\n<a href=\"https:\/\/www.meinanzeiger.de\/hermsdorf\/c-kultur\/auch-die-zweite-meusebacher-faschingsveranstaltung-der-43saison-wurde-zu-einem-grossen-erfolg_a75643\"><strong>Fotos vom 17. Februar 2018<\/strong><\/a><\/p>\n","protected":false},"excerpt":{"rendered":"<p>Unter dem Motto &#8222;Faschingsspa\u00df f\u00fcr Jedermann auf der Meusebacher Reeperbahn&#8220; feierten wir 2 tolle Abendveranstaltungen. Wir sagen all unseren G\u00e4sten, Aktiven, Tanzgruppen, Mitwirkenden und ganz<\/p>\n","protected":false},"author":1,"featured_media":319,"comment_status":"open","ping_status":"open","sticky":false,"template":"","format":"standard","meta":{"spay_email":"","footnotes":""},"categories":[8,1],"tags":[10],"class_list":["post-312","post","type-post","status-publish","format-standard","has-post-thumbnail","hentry","category-fasching","category-uncategorized","tag-fasching"],"jetpack_featured_media_url":"https:\/\/ts.meusebach.de\/wp-content\/uploads\/2018\/02\/Fasching_2018_1.jpg","_links":{"self":[{"href":"https:\/\/ts.meusebach.de\/index.php?rest_route=\/wp\/v2\/posts\/312","targetHints":{"allow":["GET"]}}],"collection":[{"href":"https:\/\/ts.meusebach.de\/index.php?rest_route=\/wp\/v2\/posts"}],"about":[{"href":"https:\/\/ts.meusebach.de\/index.php?rest_route=\/wp\/v2\/types\/post"}],"author":[{"embeddable":true,"href":"https:\/\/ts.meusebach.de\/index.php?rest_route=\/wp\/v2\/users\/1"}],"replies":[{"embeddable":true,"href":"https:\/\/ts.meusebach.de\/index.php?rest_route=%2Fwp%2Fv2%2Fcomments&post=312"}],"version-history":[{"count":2,"href":"https:\/\/ts.meusebach.de\/index.php?rest_route=\/wp\/v2\/posts\/312\/revisions"}],"predecessor-version":[{"id":320,"href":"https:\/\/ts.meusebach.de\/index.php?rest_route=\/wp\/v2\/posts\/312\/revisions\/320"}],"wp:featuredmedia":[{"embeddable":true,"href":"https:\/\/ts.meusebach.de\/index.php?rest_route=\/wp\/v2\/media\/319"}],"wp:attachment":[{"href":"https:\/\/ts.meusebach.de\/index.php?rest_route=%2Fwp%2Fv2%2Fmedia&parent=312"}],"wp:term":[{"taxonomy":"category","embeddable":true,"href":"https:\/\/ts.meusebach.de\/index.php?rest_route=%2Fwp%2Fv2%2Fcategories&post=312"},{"taxonomy":"post_tag","embeddable":true,"href":"https:\/\/ts.meusebach.de\/index.php?rest_route=%2Fwp%2Fv2%2Ftags&post=312"}],"curies":[{"name":"wp","href":"https:\/\/api.w.org\/{rel}","templated":true}]}}