{"id":255,"date":"2017-03-26T08:38:35","date_gmt":"2017-03-26T08:38:35","guid":{"rendered":"http:\/\/ts.meusebach.de\/?p=255"},"modified":"2017-03-26T08:48:29","modified_gmt":"2017-03-26T08:48:29","slug":"das-war-unser-fasching-2017","status":"publish","type":"post","link":"https:\/\/ts.meusebach.de\/?p=255","title":{"rendered":"Das war unser Fasching 2017"},"content":{"rendered":"<p>Vielen Dank allen Mitwirkenden, Unterst\u00fctzern, Sponsoren und G\u00e4sten f\u00fcr die sch\u00f6ne Faschingszeit 2017!<br \/>\nEs waren zwei tolle Abende und ein toller Kinderfasching!<br \/>\nMehr Fotos finden sich hier:<br \/>\n<a href=\"http:\/\/www.meinanzeiger.de\/hermsdorf\/kultur\/die-spatzenjaegerklinik-am-rande-der-stadt-lud-am-sonnabend-erstmalig-therapien-unterschiedlichster-art-ein-d67396.html\">Faschingsveranstaltung vom 25.2.2017<br \/>\n<\/a><a href=\"http:\/\/www.meinanzeiger.de\/hermsdorf\/kultur\/massenheilung-in-der-meusebacher-spatzenjaegerklinik-gelang-mit-hilfe-aus-eisenberg-weissenborn-und-stadtroda-d67593.html\">Faschingsveranstaltung vom 4.3.2017<br \/>\n<\/a><a href=\"http:\/\/www.meinanzeiger.de\/hermsdorf\/kultur\/meusebacher-kinderfasching-war-auch-in-der-42-faschingssaison-ein-erfolg-d67442.html\">Kinderfasching vom 26.2.2017<\/a><\/p>\n<p><a href=\"http:\/\/www.meinanzeiger.de\/hermsdorf\/kultur\/massenheilung-in-der-meusebacher-spatzenjaegerklinik-gelang-mit-hilfe-aus-eisenberg-weissenborn-und-stadtroda-d67593.html\"><img loading=\"lazy\" decoding=\"async\" class=\"alignnone size-full wp-image-258\" src=\"http:\/\/ts.meusebach.de\/wp-content\/uploads\/2017\/03\/42.-Fasching-2017.jpg\" alt=\"\" width=\"800\" height=\"600\" srcset=\"https:\/\/ts.meusebach.de\/wp-content\/uploads\/2017\/03\/42.-Fasching-2017.jpg 800w, https:\/\/ts.meusebach.de\/wp-content\/uploads\/2017\/03\/42.-Fasching-2017-300x225.jpg 300w, https:\/\/ts.meusebach.de\/wp-content\/uploads\/2017\/03\/42.-Fasching-2017-768x576.jpg 768w, https:\/\/ts.meusebach.de\/wp-content\/uploads\/2017\/03\/42.-Fasching-2017-100x75.jpg 100w\" sizes=\"auto, (max-width: 800px) 100vw, 800px\" \/><\/a><\/p>\n<p>&nbsp;<\/p>\n","protected":false},"excerpt":{"rendered":"<p>Vielen Dank allen Mitwirkenden, Unterst\u00fctzern, Sponsoren und G\u00e4sten f\u00fcr die sch\u00f6ne Faschingszeit 2017! Es waren zwei tolle Abende und ein toller Kinderfasching! Mehr Fotos finden<\/p>\n","protected":false},"author":1,"featured_media":258,"comment_status":"open","ping_status":"open","sticky":false,"template":"","format":"standard","meta":{"spay_email":"","footnotes":""},"categories":[8],"tags":[],"class_list":["post-255","post","type-post","status-publish","format-standard","has-post-thumbnail","hentry","category-fasching"],"jetpack_featured_media_url":"https:\/\/ts.meusebach.de\/wp-content\/uploads\/2017\/03\/42.-Fasching-2017.jpg","_links":{"self":[{"href":"https:\/\/ts.meusebach.de\/index.php?rest_route=\/wp\/v2\/posts\/255","targetHints":{"allow":["GET"]}}],"collection":[{"href":"https:\/\/ts.meusebach.de\/index.php?rest_route=\/wp\/v2\/posts"}],"about":[{"href":"https:\/\/ts.meusebach.de\/index.php?rest_route=\/wp\/v2\/types\/post"}],"author":[{"embeddable":true,"href":"https:\/\/ts.meusebach.de\/index.php?rest_route=\/wp\/v2\/users\/1"}],"replies":[{"embeddable":true,"href":"https:\/\/ts.meusebach.de\/index.php?rest_route=%2Fwp%2Fv2%2Fcomments&post=255"}],"version-history":[{"count":3,"href":"https:\/\/ts.meusebach.de\/index.php?rest_route=\/wp\/v2\/posts\/255\/revisions"}],"predecessor-version":[{"id":259,"href":"https:\/\/ts.meusebach.de\/index.php?rest_route=\/wp\/v2\/posts\/255\/revisions\/259"}],"wp:featuredmedia":[{"embeddable":true,"href":"https:\/\/ts.meusebach.de\/index.php?rest_route=\/wp\/v2\/media\/258"}],"wp:attachment":[{"href":"https:\/\/ts.meusebach.de\/index.php?rest_route=%2Fwp%2Fv2%2Fmedia&parent=255"}],"wp:term":[{"taxonomy":"category","embeddable":true,"href":"https:\/\/ts.meusebach.de\/index.php?rest_route=%2Fwp%2Fv2%2Fcategories&post=255"},{"taxonomy":"post_tag","embeddable":true,"href":"https:\/\/ts.meusebach.de\/index.php?rest_route=%2Fwp%2Fv2%2Ftags&post=255"}],"curies":[{"name":"wp","href":"https:\/\/api.w.org\/{rel}","templated":true}]}}