{"id":1617,"date":"2024-11-23T16:18:59","date_gmt":"2024-11-23T16:18:59","guid":{"rendered":"https:\/\/ts.meusebach.de\/?p=1617"},"modified":"2024-12-21T18:38:43","modified_gmt":"2024-12-21T18:38:43","slug":"weihnachtsbaumaufstellen-2024","status":"publish","type":"post","link":"https:\/\/ts.meusebach.de\/?p=1617","title":{"rendered":"Weihnachtsbaumaufstellen 2024"},"content":{"rendered":"\n<p>In diesem Jahr wurde der Dorfweihnachtsbaum gemeinsam geschm\u00fcckt und der fertige Baum bei einem Gl\u00e4schen Gl\u00fchwein bestaunt. <\/p>\n\n\n\n<figure class=\"wp-block-gallery has-nested-images columns-default is-cropped wp-block-gallery-1 is-layout-flex wp-block-gallery-is-layout-flex\">\n<figure class=\"wp-block-image size-large\"><img loading=\"lazy\" decoding=\"async\" width=\"800\" height=\"513\" data-id=\"1625\" src=\"https:\/\/ts.meusebach.de\/wp-content\/uploads\/2024\/12\/Weihnbaufst_2024_1.jpg\" alt=\"\" class=\"wp-image-1625\" srcset=\"https:\/\/ts.meusebach.de\/wp-content\/uploads\/2024\/12\/Weihnbaufst_2024_1.jpg 800w, https:\/\/ts.meusebach.de\/wp-content\/uploads\/2024\/12\/Weihnbaufst_2024_1-300x192.jpg 300w, https:\/\/ts.meusebach.de\/wp-content\/uploads\/2024\/12\/Weihnbaufst_2024_1-768x492.jpg 768w\" sizes=\"auto, (max-width: 800px) 100vw, 800px\" \/><\/figure>\n\n\n\n<figure class=\"wp-block-image size-large\"><img loading=\"lazy\" decoding=\"async\" width=\"800\" height=\"596\" data-id=\"1627\" src=\"https:\/\/ts.meusebach.de\/wp-content\/uploads\/2024\/12\/Weihnbaufst_2024_2.jpg\" alt=\"\" class=\"wp-image-1627\" srcset=\"https:\/\/ts.meusebach.de\/wp-content\/uploads\/2024\/12\/Weihnbaufst_2024_2.jpg 800w, https:\/\/ts.meusebach.de\/wp-content\/uploads\/2024\/12\/Weihnbaufst_2024_2-300x224.jpg 300w, https:\/\/ts.meusebach.de\/wp-content\/uploads\/2024\/12\/Weihnbaufst_2024_2-768x572.jpg 768w, https:\/\/ts.meusebach.de\/wp-content\/uploads\/2024\/12\/Weihnbaufst_2024_2-100x75.jpg 100w\" sizes=\"auto, (max-width: 800px) 100vw, 800px\" \/><\/figure>\n\n\n\n<figure class=\"wp-block-image size-large\"><img loading=\"lazy\" decoding=\"async\" width=\"800\" height=\"655\" data-id=\"1628\" src=\"https:\/\/ts.meusebach.de\/wp-content\/uploads\/2024\/12\/Weihnbaufst_2024_3.jpg\" alt=\"\" class=\"wp-image-1628\" srcset=\"https:\/\/ts.meusebach.de\/wp-content\/uploads\/2024\/12\/Weihnbaufst_2024_3.jpg 800w, https:\/\/ts.meusebach.de\/wp-content\/uploads\/2024\/12\/Weihnbaufst_2024_3-300x246.jpg 300w, https:\/\/ts.meusebach.de\/wp-content\/uploads\/2024\/12\/Weihnbaufst_2024_3-768x629.jpg 768w\" sizes=\"auto, (max-width: 800px) 100vw, 800px\" \/><\/figure>\n\n\n\n<figure class=\"wp-block-image size-large\"><img loading=\"lazy\" decoding=\"async\" width=\"800\" height=\"600\" data-id=\"1626\" src=\"https:\/\/ts.meusebach.de\/wp-content\/uploads\/2024\/12\/Weihnbaufst_2024_4.jpg\" alt=\"\" class=\"wp-image-1626\" srcset=\"https:\/\/ts.meusebach.de\/wp-content\/uploads\/2024\/12\/Weihnbaufst_2024_4.jpg 800w, https:\/\/ts.meusebach.de\/wp-content\/uploads\/2024\/12\/Weihnbaufst_2024_4-300x225.jpg 300w, https:\/\/ts.meusebach.de\/wp-content\/uploads\/2024\/12\/Weihnbaufst_2024_4-768x576.jpg 768w, https:\/\/ts.meusebach.de\/wp-content\/uploads\/2024\/12\/Weihnbaufst_2024_4-100x75.jpg 100w\" sizes=\"auto, (max-width: 800px) 100vw, 800px\" \/><\/figure>\n<\/figure>\n","protected":false},"excerpt":{"rendered":"<p>In diesem Jahr wurde der Dorfweihnachtsbaum gemeinsam geschm\u00fcckt und der fertige Baum bei einem Gl\u00e4schen Gl\u00fchwein bestaunt.<\/p>\n","protected":false},"author":1,"featured_media":1629,"comment_status":"closed","ping_status":"closed","sticky":false,"template":"","format":"standard","meta":{"spay_email":"","footnotes":""},"categories":[1],"tags":[],"class_list":["post-1617","post","type-post","status-publish","format-standard","has-post-thumbnail","hentry","category-uncategorized"],"jetpack_featured_media_url":"https:\/\/ts.meusebach.de\/wp-content\/uploads\/2024\/11\/Weihnbaufst_2024_0.jpg","_links":{"self":[{"href":"https:\/\/ts.meusebach.de\/index.php?rest_route=\/wp\/v2\/posts\/1617","targetHints":{"allow":["GET"]}}],"collection":[{"href":"https:\/\/ts.meusebach.de\/index.php?rest_route=\/wp\/v2\/posts"}],"about":[{"href":"https:\/\/ts.meusebach.de\/index.php?rest_route=\/wp\/v2\/types\/post"}],"author":[{"embeddable":true,"href":"https:\/\/ts.meusebach.de\/index.php?rest_route=\/wp\/v2\/users\/1"}],"replies":[{"embeddable":true,"href":"https:\/\/ts.meusebach.de\/index.php?rest_route=%2Fwp%2Fv2%2Fcomments&post=1617"}],"version-history":[{"count":6,"href":"https:\/\/ts.meusebach.de\/index.php?rest_route=\/wp\/v2\/posts\/1617\/revisions"}],"predecessor-version":[{"id":1631,"href":"https:\/\/ts.meusebach.de\/index.php?rest_route=\/wp\/v2\/posts\/1617\/revisions\/1631"}],"wp:featuredmedia":[{"embeddable":true,"href":"https:\/\/ts.meusebach.de\/index.php?rest_route=\/wp\/v2\/media\/1629"}],"wp:attachment":[{"href":"https:\/\/ts.meusebach.de\/index.php?rest_route=%2Fwp%2Fv2%2Fmedia&parent=1617"}],"wp:term":[{"taxonomy":"category","embeddable":true,"href":"https:\/\/ts.meusebach.de\/index.php?rest_route=%2Fwp%2Fv2%2Fcategories&post=1617"},{"taxonomy":"post_tag","embeddable":true,"href":"https:\/\/ts.meusebach.de\/index.php?rest_route=%2Fwp%2Fv2%2Ftags&post=1617"}],"curies":[{"name":"wp","href":"https:\/\/api.w.org\/{rel}","templated":true}]}}