{"id":1465,"date":"2023-06-05T16:27:52","date_gmt":"2023-06-05T16:27:52","guid":{"rendered":"https:\/\/ts.meusebach.de\/?p=1465"},"modified":"2023-06-05T16:29:16","modified_gmt":"2023-06-05T16:29:16","slug":"der-tulpenbaum-blueht-3","status":"publish","type":"post","link":"https:\/\/ts.meusebach.de\/?p=1465","title":{"rendered":"Der Tulpenbaum bl\u00fcht"},"content":{"rendered":"<p>Unser Tulpenbaum beginnt derzeit mit der Bl\u00fcte. Noch sind die kleinen tulpenf\u00f6rmigen Bl\u00fcten gr\u00fcn und recht unscheinbar. Aber in wenigen Tagen werden sie sich gelb f\u00e4rben. <a href=\"https:\/\/ts.meusebach.de\/?page_id=885\">Mehr Infos zum Tulpenbaum gibt es hier!<\/a><\/p>\n<p><img loading=\"lazy\" decoding=\"async\" class=\"alignnone size-medium wp-image-1249\" src=\"https:\/\/ts.meusebach.de\/wp-content\/uploads\/2022\/06\/Tulpbm_2022_2-300x221.jpg\" alt=\"\" width=\"300\" height=\"221\" srcset=\"https:\/\/ts.meusebach.de\/wp-content\/uploads\/2022\/06\/Tulpbm_2022_2-300x221.jpg 300w, https:\/\/ts.meusebach.de\/wp-content\/uploads\/2022\/06\/Tulpbm_2022_2-768x564.jpg 768w, https:\/\/ts.meusebach.de\/wp-content\/uploads\/2022\/06\/Tulpbm_2022_2-100x75.jpg 100w, https:\/\/ts.meusebach.de\/wp-content\/uploads\/2022\/06\/Tulpbm_2022_2.jpg 800w\" sizes=\"auto, (max-width: 300px) 100vw, 300px\" \/><\/p>\n","protected":false},"excerpt":{"rendered":"<p>Unser Tulpenbaum beginnt derzeit mit der Bl\u00fcte. Noch sind die kleinen tulpenf\u00f6rmigen Bl\u00fcten gr\u00fcn und recht unscheinbar. Aber in wenigen Tagen werden sie sich gelb<\/p>\n","protected":false},"author":1,"featured_media":1247,"comment_status":"closed","ping_status":"closed","sticky":false,"template":"","format":"standard","meta":{"spay_email":"","footnotes":""},"categories":[1],"tags":[],"class_list":["post-1465","post","type-post","status-publish","format-standard","has-post-thumbnail","hentry","category-uncategorized"],"jetpack_featured_media_url":"https:\/\/ts.meusebach.de\/wp-content\/uploads\/2022\/06\/Tulpbm_2022_12.jpg","_links":{"self":[{"href":"https:\/\/ts.meusebach.de\/index.php?rest_route=\/wp\/v2\/posts\/1465","targetHints":{"allow":["GET"]}}],"collection":[{"href":"https:\/\/ts.meusebach.de\/index.php?rest_route=\/wp\/v2\/posts"}],"about":[{"href":"https:\/\/ts.meusebach.de\/index.php?rest_route=\/wp\/v2\/types\/post"}],"author":[{"embeddable":true,"href":"https:\/\/ts.meusebach.de\/index.php?rest_route=\/wp\/v2\/users\/1"}],"replies":[{"embeddable":true,"href":"https:\/\/ts.meusebach.de\/index.php?rest_route=%2Fwp%2Fv2%2Fcomments&post=1465"}],"version-history":[{"count":2,"href":"https:\/\/ts.meusebach.de\/index.php?rest_route=\/wp\/v2\/posts\/1465\/revisions"}],"predecessor-version":[{"id":1467,"href":"https:\/\/ts.meusebach.de\/index.php?rest_route=\/wp\/v2\/posts\/1465\/revisions\/1467"}],"wp:featuredmedia":[{"embeddable":true,"href":"https:\/\/ts.meusebach.de\/index.php?rest_route=\/wp\/v2\/media\/1247"}],"wp:attachment":[{"href":"https:\/\/ts.meusebach.de\/index.php?rest_route=%2Fwp%2Fv2%2Fmedia&parent=1465"}],"wp:term":[{"taxonomy":"category","embeddable":true,"href":"https:\/\/ts.meusebach.de\/index.php?rest_route=%2Fwp%2Fv2%2Fcategories&post=1465"},{"taxonomy":"post_tag","embeddable":true,"href":"https:\/\/ts.meusebach.de\/index.php?rest_route=%2Fwp%2Fv2%2Ftags&post=1465"}],"curies":[{"name":"wp","href":"https:\/\/api.w.org\/{rel}","templated":true}]}}