{"id":1066,"date":"2021-10-16T09:47:41","date_gmt":"2021-10-16T09:47:41","guid":{"rendered":"https:\/\/blog.meusebach.de\/?p=1066"},"modified":"2021-10-16T09:59:27","modified_gmt":"2021-10-16T09:59:27","slug":"neue-ausstellung-zu-den-kleinsten-doerfern-thueringens","status":"publish","type":"post","link":"https:\/\/ts.meusebach.de\/?p=1066","title":{"rendered":"Neue Ausstellung zu den kleinsten D\u00f6rfern Th\u00fcringens"},"content":{"rendered":"<p>Am 9. Oktober wurde auf Schloss Burgk die Ausstellung &#8222;Im Land des Sein&#8220; er\u00f6ffnet, die sich wieder mit 10 der kleinsten eigenst\u00e4ndig verwalteten D\u00f6rfern Th\u00fcringens besch\u00e4ftigt. Zur Ausstellungser\u00f6ffnung war eine kleine Delegation aus Meusebach dabei und konnte sich von der leibevollen Arbeit der K\u00fcnstler Yvonne Andr\u00e4 und Stefan Petermann \u00fcberzeugen. Fotos davon gibt es <a href=\"https:\/\/blog.meusebach.de\/?page_id=1070\">hier. <\/a>Die Ausstellung kann noch bis mindestens Dezember 2021 besichtigt werden.<br \/>\nMehr Informationen zur Ausstellung: <a href=\"https:\/\/www.schloss-burgk.de\/seite\/471738\/ausstellungen.html\">https:\/\/www.schloss-burgk.de\/seite\/471738\/ausstellungen.html<\/a><\/p>\n","protected":false},"excerpt":{"rendered":"<p>Am 9. Oktober wurde auf Schloss Burgk die Ausstellung &#8222;Im Land des Sein&#8220; er\u00f6ffnet, die sich wieder mit 10 der kleinsten eigenst\u00e4ndig verwalteten D\u00f6rfern Th\u00fcringens<\/p>\n","protected":false},"author":1,"featured_media":1067,"comment_status":"closed","ping_status":"closed","sticky":false,"template":"","format":"standard","meta":{"spay_email":"","footnotes":""},"categories":[1],"tags":[],"class_list":["post-1066","post","type-post","status-publish","format-standard","has-post-thumbnail","hentry","category-uncategorized"],"jetpack_featured_media_url":"https:\/\/ts.meusebach.de\/wp-content\/uploads\/2021\/10\/Museum_Schlo_Burgk_-_IM_LAND_DES_SEIN.jpg","_links":{"self":[{"href":"https:\/\/ts.meusebach.de\/index.php?rest_route=\/wp\/v2\/posts\/1066","targetHints":{"allow":["GET"]}}],"collection":[{"href":"https:\/\/ts.meusebach.de\/index.php?rest_route=\/wp\/v2\/posts"}],"about":[{"href":"https:\/\/ts.meusebach.de\/index.php?rest_route=\/wp\/v2\/types\/post"}],"author":[{"embeddable":true,"href":"https:\/\/ts.meusebach.de\/index.php?rest_route=\/wp\/v2\/users\/1"}],"replies":[{"embeddable":true,"href":"https:\/\/ts.meusebach.de\/index.php?rest_route=%2Fwp%2Fv2%2Fcomments&post=1066"}],"version-history":[{"count":3,"href":"https:\/\/ts.meusebach.de\/index.php?rest_route=\/wp\/v2\/posts\/1066\/revisions"}],"predecessor-version":[{"id":1082,"href":"https:\/\/ts.meusebach.de\/index.php?rest_route=\/wp\/v2\/posts\/1066\/revisions\/1082"}],"wp:featuredmedia":[{"embeddable":true,"href":"https:\/\/ts.meusebach.de\/index.php?rest_route=\/wp\/v2\/media\/1067"}],"wp:attachment":[{"href":"https:\/\/ts.meusebach.de\/index.php?rest_route=%2Fwp%2Fv2%2Fmedia&parent=1066"}],"wp:term":[{"taxonomy":"category","embeddable":true,"href":"https:\/\/ts.meusebach.de\/index.php?rest_route=%2Fwp%2Fv2%2Fcategories&post=1066"},{"taxonomy":"post_tag","embeddable":true,"href":"https:\/\/ts.meusebach.de\/index.php?rest_route=%2Fwp%2Fv2%2Ftags&post=1066"}],"curies":[{"name":"wp","href":"https:\/\/api.w.org\/{rel}","templated":true}]}}